{"id":142130,"date":"2026-08-31T19:55:37","date_gmt":"2026-08-31T19:55:37","guid":{"rendered":"https:\/\/retosmtbcolombia.com\/?p=142130"},"modified":"2026-08-31T19:55:37","modified_gmt":"2026-08-31T19:55:37","slug":"csodas-mez-termeszetes-edes-varazslata-felfedezve","status":"publish","type":"post","link":"https:\/\/retosmtbcolombia.com\/index.php\/2026\/08\/31\/csodas-mez-termeszetes-edes-varazslata-felfedezve\/","title":{"rendered":"Csoda\u0301s me\u0301z terme\u0301szetes e\u0301des vara\u0301zslata felfedezve"},"content":{"rendered":"<h1>Csod\u00e1s m\u00e9z term\u00e9szetes \u00e9des var\u00e1zslata felfedezve<\/h1>\n<p>Amikor a m\u00e9z sz\u00f3ba ker\u00fcl, sokan azonnal az aranyl\u00f3, s\u0171r\u0171 folyad\u00e9kra gondolnak, amelyet a nagymama te\u00e1j\u00e1ba kevert, vagy a reggeli pir\u00edt\u00f3sra csorgatott. A m\u00e9z azonban enn\u00e9l sokkal t\u00f6bb: egy igazi term\u00e9szeti kincs, amely nemcsak az \u00edzlel\u0151bimb\u00f3inkat var\u00e1zsolja el, hanem az eg\u00e9szs\u00e9g\u00fcnkre is j\u00f3t\u00e9kony hat\u00e1ssal van. Ebben a cikkben felt\u00e1rjuk a m\u00e9z rejtett titkait, \u00e9s bemutatjuk, mi\u00e9rt \u00e9rdemes felfedezni ezt az \u00e9des csod\u00e1t. Ha szeretne t\u00f6bbet megtudni a m\u00e9z vil\u00e1g\u00e1r\u00f3l \u00e9s a hozz\u00e1 kapcsol\u00f3d\u00f3 \u00e9lm\u00e9nyekr\u0151l, l\u00e1togasson el a <a href=\"http:\/\/honeybetzhu.com\/\">http:\/\/honeybetzhu.com\/<\/a> oldalra, ahol tov\u00e1bbi izgalmas inform\u00e1ci\u00f3kat tal\u00e1lhat.<\/p>\n<p>A m\u00e9z nem csup\u00e1n egy egyszer\u0171 \u00e9des\u00edt\u0151szer. K\u00e9pzelje el, ahogy a m\u00e9hek szorgosan gy\u0171jt\u00f6getik a vir\u00e1gok nekt\u00e1rj\u00e1t, majd a kapt\u00e1rban apr\u00f3l\u00e9kos munk\u00e1val alak\u00edtj\u00e1k \u00e1t azt ezz\u00e9 a csod\u00e1latos anyagg\u00e1. Minden egyes cseppben benne van a term\u00e9szet ereje, az \u00e9vszakok v\u00e1ltoz\u00e1sa, \u00e9s a vir\u00e1gok soksz\u00edn\u0171s\u00e9ge. Legyen sz\u00f3 ak\u00e1cr\u00f3l, h\u00e1rsr\u00f3l vagy repc\u00e9r\u0151l, minden fajta m\u00e1s-m\u00e1s \u00edzvil\u00e1got \u00e9s arom\u00e1t k\u00edn\u00e1l, ami felfedez\u00e9sre v\u00e1r.<\/p>\n<p>A m\u00e9z <strong>term\u00e9szetes \u00e9dess\u00e9ge<\/strong> nemcsak az \u00edz\u00e9rz\u00e9kel\u00e9s\u00fcnket k\u00e9nyezteti, hanem sz\u00e1mos <strong>j\u00f3t\u00e9kony hat\u00e1ssal<\/strong> is b\u00edr. P\u00e9ld\u00e1ul antimikrobi\u00e1lis tulajdons\u00e1gai miatt r\u00e9g\u00f3ta haszn\u00e1lj\u00e1k sebek kezel\u00e9s\u00e9re, de a torokf\u00e1j\u00e1s enyh\u00edt\u00e9s\u00e9re is kiv\u00e1l\u00f3. Emellett <em>energi\u00e1t ad<\/em> an\u00e9lk\u00fcl, hogy a v\u00e9rcukorszintet hirtelen megemeln\u00e9, \u00edgy a sportol\u00f3k is el\u0151szeretettel fogyasztj\u00e1k. De ne felejts\u00fck el a benne rejl\u0151 <strong>vitaminokat \u00e9s \u00e1sv\u00e1nyi anyagokat<\/strong> sem, amelyek er\u0151s\u00edtik az immunrendszert.<\/p>\n<p>Ahhoz, hogy jobban meg\u00e9rts\u00fck a m\u00e9z sokf\u00e9les\u00e9g\u00e9t, \u00e9rdemes \u00f6sszehasonl\u00edtani a leggyakoribb fajt\u00e1kat. Az al\u00e1bbi t\u00e1bl\u00e1zat seg\u00edt eligazodni a legn\u00e9pszer\u0171bb m\u00e9zfajt\u00e1k k\u00f6z\u00f6tt, bemutatva azok jellemz\u0151it \u00e9s felhaszn\u00e1l\u00e1si ter\u00fcleteit.<\/p>\n<table>\n<thead>\n<tr>\n<th>M\u00e9zfajta<\/th>\n<th>\u00cdzvil\u00e1g \u00e9s illat<\/th>\n<th>Sz\u00edn<\/th>\n<th>Legjobb felhaszn\u00e1l\u00e1s<\/th>\n<\/tr>\n<\/thead>\n<tbody>\n<tr>\n<td><strong>Ak\u00e1cm\u00e9z<\/strong><\/td>\n<td>\u00c9des, l\u00e1gy, vir\u00e1gos illat<\/td>\n<td>Vil\u00e1goss\u00e1rga, szinte \u00e1tl\u00e1tsz\u00f3<\/td>\n<td>Tea, desszertek, gy\u00f3gyte\u00e1k \u00e9des\u00edt\u00e9se<\/td>\n<\/tr>\n<tr>\n<td><strong>H\u00e1rsm\u00e9z<\/strong><\/td>\n<td>Er\u0151teljes, f\u0171szeres, enyh\u00e9n mentolos<\/td>\n<td>S\u00e1rg\u00e1sz\u00f6ld<\/td>\n<td>Megf\u00e1z\u00e1s ellen, alv\u00e1shoz, s\u00fctem\u00e9nyekbe<\/td>\n<\/tr>\n<tr>\n<td><strong>Repcem\u00e9z<\/strong><\/td>\n<td>Kr\u00e9mes, enyh\u00e9n cs\u00edp\u0151s, gyorsan krist\u00e1lyosodik<\/td>\n<td>Vil\u00e1goss\u00e1rga, feh\u00e9res<\/td>\n<td>Kenhet\u0151 kr\u00e9mk\u00e9nt, s\u00fct\u00e9shez<\/td>\n<\/tr>\n<tr>\n<td><strong>Gesztenyem\u00e9z<\/strong><\/td>\n<td>Fanyar, keserny\u00e9s, intenz\u00edv<\/td>\n<td>S\u00f6t\u00e9tbarna<\/td>\n<td>V\u00e9rkering\u00e9s t\u00e1mogat\u00e1s\u00e1ra, sajtok mell\u00e9<\/td>\n<\/tr>\n<\/tbody>\n<\/table>\n<p>A t\u00e1bl\u00e1zatb\u00f3l is l\u00e1tszik, hogy a m\u00e9z nemcsak \u00edz\u00e9ben, hanem sz\u00edn\u00e9ben \u00e9s \u00e1llag\u00e1ban is v\u00e1ltozatos. Vannak, akik a foly\u00e9kony, aranyl\u00f3 ak\u00e1cm\u00e9zet kedvelik, m\u00e1sok a kr\u00e9mes repcem\u00e9z \u00e1llag\u00e1t keresik. De mit\u0151l f\u00fcgg, hogy egy m\u00e9z gyorsabban krist\u00e1lyosodik? A <em>gl\u00fck\u00f3z \u00e9s frukt\u00f3z ar\u00e1ny\u00e1t\u00f3l<\/em>. Min\u00e9l t\u00f6bb benne a gl\u00fck\u00f3z, ann\u00e1l gyorsabban v\u00e1lik szil\u00e1rdd\u00e1. Ez azonban nem jelenti a min\u0151s\u00e9g roml\u00e1s\u00e1t \u2013 s\u0151t, sokan kifejezetten a kr\u00e9mes text\u00far\u00e1t r\u00e9szes\u00edtik el\u0151nyben.<\/p>\n<p>A m\u00e9z var\u00e1zslata abban rejlik, hogy nemcsak \u00e9tel, hanem <strong>term\u00e9szetes gy\u00f3gym\u00f3d<\/strong> is. Sz\u00e1zadok \u00f3ta haszn\u00e1lj\u00e1k a n\u00e9pi gy\u00f3gy\u00e1szatban, \u00e9s a modern tudom\u00e1ny is egyre t\u00f6bbet fedez fel a j\u00f3t\u00e9kony hat\u00e1saib\u00f3l. \u00cdme, n\u00e9h\u00e1ny ok, ami\u00e9rt \u00e9rdemes beiktatni a napi \u00e9trendbe:<\/p>\n<ul>\n<li>Er\u0151s\u00edti az immunrendszert \u00e9s seg\u00edt a fert\u0151z\u00e9sek lek\u00fczd\u00e9s\u00e9ben.<\/li>\n<li>Nyugtatja a gyulladt torkot \u00e9s csillap\u00edtja a k\u00f6h\u00f6g\u00e9st.<\/li>\n<li>Jav\u00edtja az em\u00e9szt\u00e9st \u00e9s seg\u00edti a b\u00e9lfl\u00f3ra egyens\u00faly\u00e1t.<\/li>\n<li>Energi\u00e1t ad an\u00e9lk\u00fcl, hogy hirtelen v\u00e9rcukorszint-ingadoz\u00e1st okozna.<\/li>\n<li>Rendszeres fogyaszt\u00e1sa hozz\u00e1j\u00e1rulhat a b\u0151r eg\u00e9szs\u00e9g\u00e9hez.<\/li>\n<\/ul>\n<p>Ha igaz\u00e1n szeretn\u00e9nk kihaszn\u00e1lni a m\u00e9z el\u0151nyeit, fontos, hogy <strong>min\u0151s\u00e9gi, term\u00e9szetes forr\u00e1sb\u00f3l<\/strong> sz\u00e1rmazzon. A bolti, gy\u00e1rilag feldolgozott m\u00e9zek gyakran tartalmaznak hozz\u00e1adott cukrot vagy m\u00e1s adal\u00e9kanyagokat, ami cs\u00f6kkenti a j\u00f3t\u00e9kony hat\u00e1sokat. \u00c9rdemes kis hazai termel\u0151kt\u0151l v\u00e1s\u00e1rolni, ahol garant\u00e1lt a <em>nyomon k\u00f6vethet\u0151s\u00e9g<\/em> \u00e9s a tiszta forr\u00e1s. A m\u00e9z r\u00e1ad\u00e1sul hossz\u00fa ideig eltarthat\u00f3, ha h\u0171v\u00f6s, s\u00f6t\u00e9t helyen t\u00e1roljuk \u2013 ak\u00e1r \u00e9vekig is meg\u0151rzi az \u00edz\u00e9t \u00e9s tulajdons\u00e1gait.<\/p>\n<p>Ne feledje, hogy a m\u00e9z nemcsak az emberek sz\u00e1m\u00e1ra \u00e9rt\u00e9kes. A m\u00e9hek, amelyek ezt a csod\u00e1t l\u00e9trehozz\u00e1k, elengedhetetlenek a n\u00f6v\u00e9nyek beporz\u00e1s\u00e1hoz, \u00edgy a teljes \u00f6kosziszt\u00e9ma fenntart\u00e1s\u00e1hoz. M\u00e9zfogyaszt\u00e1ssal teh\u00e1t nemcsak a saj\u00e1t eg\u00e9szs\u00e9g\u00fcnket t\u00e1mogatjuk, hanem hozz\u00e1j\u00e1rulunk a m\u00e9h\u00e9szetek fennmarad\u00e1s\u00e1hoz \u00e9s a biol\u00f3giai sokf\u00e9les\u00e9g meg\u0151rz\u00e9s\u00e9hez is.<\/p>\n<div style=\"text-align:center\"><iframe width=\"566\" height=\"318\" src=\"https:\/\/www.youtube.com\/embed\/F5QhcSmqSwo\" alt=\"INSANE X1200 MULTI HIT ON THE *NEW* SUNNYDAZE ASYLUM SLOT!!!\"><\/iframe><\/div>\n<h2 id=\"gyakran-ismetelt-kerdesek-a-mezrol\">Gyakran Ism\u00e9telt K\u00e9rd\u00e9sek a M\u00e9zr\u0151l<\/h2>\n<h3 id=\"miert-kristalyosodik-be-a-mez\">Mi\u00e9rt krist\u00e1lyosodik be a m\u00e9z?<\/h3>\n<p>A krist\u00e1lyosod\u00e1s term\u00e9szetes folyamat, amelyet a m\u00e9z gl\u00fck\u00f3ztartalma okoz. A legt\u00f6bb m\u00e9z id\u0151vel kikrist\u00e1lyosodik, ez nem jelenti a min\u0151s\u00e9g roml\u00e1s\u00e1t. Egyszer\u0171en meleg\u00edtse v\u00edzf\u00fcrd\u0151ben, hogy ism\u00e9t foly\u00e9kony legyen.<\/p>\n<h3 id=\"melyik-a-legjobb-mezfajta-kohoges-ellen\">Melyik a legjobb m\u00e9zfajta k\u00f6h\u00f6g\u00e9s ellen?<\/h3>\n<p>A h\u00e1rsm\u00e9zet gyakran aj\u00e1nlj\u00e1k, mivel er\u0151s antibakteri\u00e1lis tulajdons\u00e1gokkal rendelkezik. De \u00e1ltal\u00e1noss\u00e1gban b\u00e1rmely term\u00e9szetes m\u00e9z seg\u00edthet a torok nyugtat\u00e1s\u00e1ban.<\/p>\n<h3 id=\"lehet-e-a-mezet-kisgyermekeknek-adni\">Lehet-e a m\u00e9zet kisgyermekeknek adni?<\/h3>\n<p>Egy \u00e9ves kor alatt nem aj\u00e1nlott, mert a m\u00e9zben el\u0151fordulhatnak olyan bakt\u00e9riumok, amelyek a csecsem\u0151k sz\u00e1m\u00e1ra vesz\u00e9lyesek lehetnek. Egy \u00e9ves kor felett azonban biztons\u00e1gos.<\/p>\n<h3 id=\"mennyi-mezet-erdemes-naponta-fogyasztani\">Mennyi m\u00e9zet \u00e9rdemes naponta fogyasztani?<\/h3>\n<p>\u00c1ltal\u00e1ban egy-k\u00e9t ev\u0151kan\u00e1l (kb. 20-30 gramm) elegend\u0151 a j\u00f3t\u00e9kony hat\u00e1sok el\u00e9r\u00e9s\u00e9hez. T\u00falzott fogyaszt\u00e1sa ker\u00fclend\u0151, mivel magas cukortartalm\u00fa.<\/p>\n<h3 id=\"hogyan-lehet-felismerni-a-hamis-mezet\">Hogyan lehet felismerni a hamis m\u00e9zet?<\/h3>\n<p>A hamis m\u00e9z gyakran h\u00edgabb, nem krist\u00e1lyosodik be rendesen, vagy mesters\u00e9ges arom\u00e1i vannak. \u00c9rdemes ellen\u0151rizni a c\u00edmk\u00e9t, \u00e9s lehet\u0151leg megb\u00edzhat\u00f3 termel\u0151t\u0151l v\u00e1s\u00e1rolni.<\/p>\n<h3 id=\"veszelyezteti-e-a-meheszet-az-okoszisztemat\">Vesz\u00e9lyezteti-e a m\u00e9h\u00e9szet az \u00f6kosziszt\u00e9m\u00e1t?<\/h3>\n<p>A felel\u0151s m\u00e9h\u00e9szet \u00e9pp ellenkez\u0151leg: seg\u00edti a beporz\u00e1st \u00e9s a n\u00f6v\u00e9nyek sokf\u00e9les\u00e9g\u00e9t. A t\u00falzott ipari m\u00e9ztermel\u00e9s azonban probl\u00e9m\u00e1kat okozhat, ez\u00e9rt t\u00e1mogassa a helyi, kisl\u00e9pt\u00e9k\u0171 termel\u0151ket.<\/p>\n<h3 id=\"milyen-mezet-ajanlana-edesitesre\">Milyen m\u00e9zet aj\u00e1nlana \u00e9des\u00edt\u00e9sre?<\/h3>\n<p>Az ak\u00e1cm\u00e9z a legjobb v\u00e1laszt\u00e1s, mert enyhe \u00edze van, \u00e9s nem domin\u00e1lja el m\u00e1s \u00e9telek zamat\u00e1t. Palacsint\u00e1ba, turmixba, vagy tea \u00e9des\u00edt\u00e9s\u00e9re is kiv\u00e1l\u00f3.<\/p>\n","protected":false},"excerpt":{"rendered":"<p>Auto-generated post_excerpt<\/p>\n","protected":false},"author":1,"featured_media":0,"comment_status":"closed","ping_status":"open","sticky":false,"template":"","format":"standard","meta":{"om_disable_all_campaigns":false,"_monsterinsights_skip_tracking":false,"_uf_show_specific_survey":0,"_uf_disable_surveys":false,"neve_meta_sidebar":"","neve_meta_container":"","neve_meta_enable_content_width":"","neve_meta_content_width":0,"neve_meta_title_alignment":"","neve_meta_author_avatar":"","neve_post_elements_order":"","neve_meta_disable_header":"","neve_meta_disable_footer":"","neve_meta_disable_title":"","_jetpack_memberships_contains_paid_content":false,"footnotes":""},"categories":[1],"tags":[],"class_list":["post-142130","post","type-post","status-publish","format-standard","hentry","category-blog"],"aioseo_notices":[],"jetpack_featured_media_url":"","jetpack_sharing_enabled":true,"_links":{"self":[{"href":"https:\/\/retosmtbcolombia.com\/index.php\/wp-json\/wp\/v2\/posts\/142130","targetHints":{"allow":["GET"]}}],"collection":[{"href":"https:\/\/retosmtbcolombia.com\/index.php\/wp-json\/wp\/v2\/posts"}],"about":[{"href":"https:\/\/retosmtbcolombia.com\/index.php\/wp-json\/wp\/v2\/types\/post"}],"author":[{"embeddable":true,"href":"https:\/\/retosmtbcolombia.com\/index.php\/wp-json\/wp\/v2\/users\/1"}],"replies":[{"embeddable":true,"href":"https:\/\/retosmtbcolombia.com\/index.php\/wp-json\/wp\/v2\/comments?post=142130"}],"version-history":[{"count":1,"href":"https:\/\/retosmtbcolombia.com\/index.php\/wp-json\/wp\/v2\/posts\/142130\/revisions"}],"predecessor-version":[{"id":142131,"href":"https:\/\/retosmtbcolombia.com\/index.php\/wp-json\/wp\/v2\/posts\/142130\/revisions\/142131"}],"wp:attachment":[{"href":"https:\/\/retosmtbcolombia.com\/index.php\/wp-json\/wp\/v2\/media?parent=142130"}],"wp:term":[{"taxonomy":"category","embeddable":true,"href":"https:\/\/retosmtbcolombia.com\/index.php\/wp-json\/wp\/v2\/categories?post=142130"},{"taxonomy":"post_tag","embeddable":true,"href":"https:\/\/retosmtbcolombia.com\/index.php\/wp-json\/wp\/v2\/tags?post=142130"}],"curies":[{"name":"wp","href":"https:\/\/api.w.org\/{rel}","templated":true}]}}